{"id":10852,"date":"2025-04-22T14:58:18","date_gmt":"2025-04-22T14:58:18","guid":{"rendered":"https:\/\/mediasafrican24.com\/?p=10852"},"modified":"2025-04-22T14:58:18","modified_gmt":"2025-04-22T14:58:18","slug":"salon-international-de-lagriculture-au-maroc-la-crise-de-leau-au-coeur-des-debats","status":"publish","type":"post","link":"https:\/\/mediasafrican24.com\/?p=10852","title":{"rendered":"Salon International de l\u2019Agriculture au Maroc : La crise de l\u2019eau au c\u0153ur des d\u00e9bats"},"content":{"rendered":"<h2 class=\"post-subtitle\">De Mohammed aydani<\/h2>\n<div class=\"post-meta-wrap clearfix\">\n<div class=\"term-badges \">\n<div class=\"entry-content clearfix single-post-content\">\n<p><strong>La dix-septi\u00e8me \u00e9dition du Salon International de l\u2019Agriculture de Mekn\u00e8s, qui se tient du 21 au 27 avril, met en lumi\u00e8re la question urgente de l\u2019eau, notamment face aux changements climatiques et \u00e0 la raret\u00e9 des ressources hydriques.<\/strong><\/p>\n<p><strong>Depuis son lancement en avril 2006, le salon a acquis une r\u00e9putation prestigieuse et est devenu un \u00e9v\u00e9nement essentiel pour les acteurs du secteur agricole au Maroc et \u00e0 l\u2019\u00e9tranger, contribuant efficacement aux grandes transformations de l\u2019agriculture marocaine, tout en renfor\u00e7ant le r\u00f4le des r\u00e9gions dans l\u2019attraction des investissements n\u00e9cessaires au d\u00e9veloppement.<\/strong><\/p>\n<p><strong>Le salon est consid\u00e9r\u00e9 comme une plateforme pour le d\u00e9veloppement du secteur agricole, lui permettant de relever les d\u00e9fis de la mondialisation \u00e0 travers la promotion de pratiques agricoles durables, l\u2019innovation technologique et la coop\u00e9ration internationale. Il refl\u00e8te \u00e9galement l\u2019int\u00e9r\u00eat de Sa Majest\u00e9 le Roi Mohammed VI pour la promotion et la modernisation du secteur agricole.<\/strong><\/p>\n<p><strong>Le th\u00e8me de cette ann\u00e9e est \u201cAgriculture et monde rural : l\u2019eau au c\u0153ur du d\u00e9veloppement durable\u201d, soulignant l\u2019engagement du salon \u00e0 renforcer le r\u00f4le du Maroc dans l\u2019agriculture durable. Le salon met en avant la n\u00e9cessit\u00e9 d\u2019un engagement collectif pour faire face aux changements climatiques gr\u00e2ce \u00e0 des solutions technologiques avanc\u00e9es, telles que les syst\u00e8mes d\u2019irrigation intelligents et la r\u00e9utilisation de l\u2019eau.<\/strong><\/p>\n<p><strong>Les \u00e9v\u00e9nements incluent des discussions sur la bonne gouvernance de l\u2019eau et son r\u00f4le essentiel dans l\u2019\u00e9quilibre des cha\u00eenes agricoles. On s\u2019attend \u00e0 ce que cette \u00e9dition de 2025 compte environ 1500 exposants repr\u00e9sentant 70 pays, attirant plus d\u2019un million de visiteurs.<\/strong><\/p>\n<p><strong>La France sera l\u2019invit\u00e9e d\u2019honneur cette ann\u00e9e, ce qui refl\u00e8te les bonnes relations entre les deux pays dans le secteur agricole et ouvre de nouvelles perspectives de coop\u00e9ration. Le salon, qui s\u2019\u00e9tend sur une superficie couverte de 12,4 hectares, comprend 12 sections th\u00e9matiques et devrait contribuer au renforcement de l\u2019agriculture et de l\u2019industrie alimentaire tant sur le plan national qu\u2019international.<\/strong><\/p>\n<p><strong>Il refl\u00e8te les r\u00e9alisations des strat\u00e9gies agricoles au Maroc, y compris le \u201cPlan Marroc Vert\u201d et le \u201cG\u00e9n\u00e9ration Verte\u201d, qui ont eu un impact positif sur le PIB agricole et les exportations.<\/strong><\/p>\n<p><strong>\u00a0 \u00a0 \u00a0 \u00a0 \u00a0 \u00a0 \u00a0 \u00a0 \u00a0 \u00a0 \u00a0 \u00a0 \u00a0<\/strong><strong>groupe de m\u00e9dias Aswat\u00a0<\/strong><strong>media african 24<\/strong><strong>\u00a0 \u00a0 \u00a0 \u00a0 \u00a0 \u00a0 \u00a0 \u00a0 \u00a0 \u00a0 \u00a0\u00a0<\/strong><\/p>\n<div id=\"post_tag\" class=\"tagsdiv\"><\/div>\n<\/div>\n<div class=\"entry-terms post-tags clearfix style-2\"><\/div>\n<\/div>\n<\/div>\n","protected":false},"excerpt":{"rendered":"<p>De Mohammed aydani La dix-septi\u00e8me \u00e9dition du Salon International de l\u2019Agriculture de Mekn\u00e8s, qui se tient du 21 au 27 avril, met en lumi\u00e8re la question urgente de l\u2019eau, notamment face aux changements climatiques et \u00e0 la raret\u00e9 des ressources hydriques. Depuis son lancement en avril 2006, le salon a acquis une r\u00e9putation prestigieuse et<\/p>\n","protected":false},"author":1,"featured_media":10854,"comment_status":"open","ping_status":"open","sticky":false,"template":"","format":"image","meta":{"footnotes":""},"categories":[32],"tags":[1932,44,1931],"class_list":{"0":"post-10852","1":"post","2":"type-post","3":"status-publish","4":"format-image","5":"has-post-thumbnail","7":"category-32","8":"tag-la-crise","9":"tag-media-african-24","10":"tag-salon-international-de-lagriculture-au-maroc","11":"post_format-post-format-image"},"_links":{"self":[{"href":"https:\/\/mediasafrican24.com\/index.php?rest_route=\/wp\/v2\/posts\/10852","targetHints":{"allow":["GET"]}}],"collection":[{"href":"https:\/\/mediasafrican24.com\/index.php?rest_route=\/wp\/v2\/posts"}],"about":[{"href":"https:\/\/mediasafrican24.com\/index.php?rest_route=\/wp\/v2\/types\/post"}],"author":[{"embeddable":true,"href":"https:\/\/mediasafrican24.com\/index.php?rest_route=\/wp\/v2\/users\/1"}],"replies":[{"embeddable":true,"href":"https:\/\/mediasafrican24.com\/index.php?rest_route=%2Fwp%2Fv2%2Fcomments&post=10852"}],"version-history":[{"count":1,"href":"https:\/\/mediasafrican24.com\/index.php?rest_route=\/wp\/v2\/posts\/10852\/revisions"}],"predecessor-version":[{"id":10855,"href":"https:\/\/mediasafrican24.com\/index.php?rest_route=\/wp\/v2\/posts\/10852\/revisions\/10855"}],"wp:featuredmedia":[{"embeddable":true,"href":"https:\/\/mediasafrican24.com\/index.php?rest_route=\/wp\/v2\/media\/10854"}],"wp:attachment":[{"href":"https:\/\/mediasafrican24.com\/index.php?rest_route=%2Fwp%2Fv2%2Fmedia&parent=10852"}],"wp:term":[{"taxonomy":"category","embeddable":true,"href":"https:\/\/mediasafrican24.com\/index.php?rest_route=%2Fwp%2Fv2%2Fcategories&post=10852"},{"taxonomy":"post_tag","embeddable":true,"href":"https:\/\/mediasafrican24.com\/index.php?rest_route=%2Fwp%2Fv2%2Ftags&post=10852"}],"curies":[{"name":"wp","href":"https:\/\/api.w.org\/{rel}","templated":true}]}}